{"id":9206,"date":"2026-04-29T15:31:46","date_gmt":"2026-04-29T14:31:46","guid":{"rendered":"https:\/\/www.bayernfanclub-saalachtal.de\/?p=9206"},"modified":"2026-04-29T15:36:27","modified_gmt":"2026-04-29T14:36:27","slug":"abfahrt-fcb-psg","status":"publish","type":"post","link":"https:\/\/www.bayernfanclub-saalachtal.de\/?p=9206","title":{"rendered":"Abfahrt FCB &#8211; PSG"},"content":{"rendered":"\n<figure class=\"wp-block-gallery has-nested-images columns-default is-cropped wp-block-gallery-1 is-layout-flex wp-block-gallery-is-layout-flex\">\n<figure class=\"wp-block-image size-large\"><img loading=\"lazy\" decoding=\"async\" width=\"375\" height=\"234\" data-id=\"9207\" src=\"https:\/\/www.bayernfanclub-saalachtal.de\/wp-content\/uploads\/2026\/04\/FCB-PSG.webp\" alt=\"\" class=\"wp-image-9207\" srcset=\"https:\/\/www.bayernfanclub-saalachtal.de\/wp-content\/uploads\/2026\/04\/FCB-PSG.webp 375w, https:\/\/www.bayernfanclub-saalachtal.de\/wp-content\/uploads\/2026\/04\/FCB-PSG-300x187.webp 300w\" sizes=\"auto, (max-width: 375px) 100vw, 375px\" \/><\/figure>\n<\/figure>\n\n\n\n<div class=\"wp-block-group is-nowrap is-layout-flex wp-container-core-group-is-layout-ad2f72ca wp-block-group-is-layout-flex\">\n<p><em><strong><span style=\"color: #ff0000;\">Abfahrt zum CL-Halbfinale FC Bayern M\u00fcnchen &#8211; Paris St. Germain ist am Mittwoch 6. Mai 2026 um 16.30 Uhr in Bad Reichenhall beim Edeka Dorrer in der M\u00fcnchner Allee. Es werden alle Mitglieder gebeten p\u00fcnktlich zu kommen um die Abfahrt nicht zu verz\u00f6gern. Wir k\u00f6nnen nicht mehr auf Nachz\u00fcgler warten.<\/span><\/strong><\/em><\/p>\n<\/div>\n","protected":false},"excerpt":{"rendered":"<p>Abfahrt zum CL-Halbfinale FC Bayern M\u00fcnchen &#8211; Paris St. Germain ist am Mittwoch 6. Mai 2026 um 16.30 Uhr in Bad Reichenhall beim Edeka Dorrer in der M\u00fcnchner Allee. Es werden alle Mitglieder gebeten p\u00fcnktlich zu kommen um die Abfahrt &hellip; <a href=\"https:\/\/www.bayernfanclub-saalachtal.de\/?p=9206\">Weiterlesen <span class=\"meta-nav\">&rarr;<\/span><\/a><\/p>\n","protected":false},"author":3,"featured_media":0,"comment_status":"open","ping_status":"open","sticky":false,"template":"","format":"standard","meta":{"footnotes":""},"categories":[1],"tags":[],"class_list":["post-9206","post","type-post","status-publish","format-standard","hentry","category-allgemein"],"_links":{"self":[{"href":"https:\/\/www.bayernfanclub-saalachtal.de\/index.php?rest_route=\/wp\/v2\/posts\/9206","targetHints":{"allow":["GET"]}}],"collection":[{"href":"https:\/\/www.bayernfanclub-saalachtal.de\/index.php?rest_route=\/wp\/v2\/posts"}],"about":[{"href":"https:\/\/www.bayernfanclub-saalachtal.de\/index.php?rest_route=\/wp\/v2\/types\/post"}],"author":[{"embeddable":true,"href":"https:\/\/www.bayernfanclub-saalachtal.de\/index.php?rest_route=\/wp\/v2\/users\/3"}],"replies":[{"embeddable":true,"href":"https:\/\/www.bayernfanclub-saalachtal.de\/index.php?rest_route=%2Fwp%2Fv2%2Fcomments&post=9206"}],"version-history":[{"count":3,"href":"https:\/\/www.bayernfanclub-saalachtal.de\/index.php?rest_route=\/wp\/v2\/posts\/9206\/revisions"}],"predecessor-version":[{"id":9210,"href":"https:\/\/www.bayernfanclub-saalachtal.de\/index.php?rest_route=\/wp\/v2\/posts\/9206\/revisions\/9210"}],"wp:attachment":[{"href":"https:\/\/www.bayernfanclub-saalachtal.de\/index.php?rest_route=%2Fwp%2Fv2%2Fmedia&parent=9206"}],"wp:term":[{"taxonomy":"category","embeddable":true,"href":"https:\/\/www.bayernfanclub-saalachtal.de\/index.php?rest_route=%2Fwp%2Fv2%2Fcategories&post=9206"},{"taxonomy":"post_tag","embeddable":true,"href":"https:\/\/www.bayernfanclub-saalachtal.de\/index.php?rest_route=%2Fwp%2Fv2%2Ftags&post=9206"}],"curies":[{"name":"wp","href":"https:\/\/api.w.org\/{rel}","templated":true}]}}