{"id":8803,"date":"2025-04-09T15:11:52","date_gmt":"2025-04-09T14:11:52","guid":{"rendered":"https:\/\/www.bayernfanclub-saalachtal.de\/?p=8803"},"modified":"2025-04-11T15:01:02","modified_gmt":"2025-04-11T14:01:02","slug":"hinspiel-fc-bayern-inter-mailand","status":"publish","type":"post","link":"https:\/\/www.bayernfanclub-saalachtal.de\/?p=8803","title":{"rendered":"Hinspiel FC Bayern &#8211; Inter Mailand"},"content":{"rendered":"\n<figure class=\"wp-block-gallery has-nested-images columns-default is-cropped wp-block-gallery-1 is-layout-flex wp-block-gallery-is-layout-flex\">\n<figure class=\"wp-block-image size-large\"><img loading=\"lazy\" decoding=\"async\" width=\"1024\" height=\"768\" data-id=\"8804\" src=\"https:\/\/www.bayernfanclub-saalachtal.de\/wp-content\/uploads\/2025\/04\/FCB-Inter-Mailand-1024x768.jpg\" alt=\"\" class=\"wp-image-8804\" srcset=\"https:\/\/www.bayernfanclub-saalachtal.de\/wp-content\/uploads\/2025\/04\/FCB-Inter-Mailand-1024x768.jpg 1024w, https:\/\/www.bayernfanclub-saalachtal.de\/wp-content\/uploads\/2025\/04\/FCB-Inter-Mailand-300x225.jpg 300w, https:\/\/www.bayernfanclub-saalachtal.de\/wp-content\/uploads\/2025\/04\/FCB-Inter-Mailand-768x576.jpg 768w, https:\/\/www.bayernfanclub-saalachtal.de\/wp-content\/uploads\/2025\/04\/FCB-Inter-Mailand-1536x1152.jpg 1536w, https:\/\/www.bayernfanclub-saalachtal.de\/wp-content\/uploads\/2025\/04\/FCB-Inter-Mailand.jpg 1600w\" sizes=\"auto, (max-width: 1024px) 100vw, 1024px\" \/><\/figure>\n<\/figure>\n\n\n\n<p><strong>Die Anh\u00e4nger des FC Bayern unterst\u00fctzten die Mannschaft bereits vor Anpfiff mit einer beeindruckenden Choreographie in der S\u00fcdkurve.<\/strong><\/p>\n\n\n\n<p><strong>Leider hat unser FC Bayern das Hinspiel im Viertelfinale der Champions League trotz gro\u00dfem Kampf und einer Vielzahl von M\u00f6glichkeiten mit 1 : 2 verloren. Nun hei\u00dft es in einer Woche in Mailand mu\u00df die Mannschaft nochmal alles geben um die Chance auf das Weiterkommen zu ergreifen.<\/strong><\/p>\n\n\n\n<p><\/p>\n","protected":false},"excerpt":{"rendered":"<p>Die Anh\u00e4nger des FC Bayern unterst\u00fctzten die Mannschaft bereits vor Anpfiff mit einer beeindruckenden Choreographie in der S\u00fcdkurve. Leider hat unser FC Bayern das Hinspiel im Viertelfinale der Champions League trotz gro\u00dfem Kampf und einer Vielzahl von M\u00f6glichkeiten mit 1 &hellip; <a href=\"https:\/\/www.bayernfanclub-saalachtal.de\/?p=8803\">Weiterlesen <span class=\"meta-nav\">&rarr;<\/span><\/a><\/p>\n","protected":false},"author":3,"featured_media":0,"comment_status":"open","ping_status":"open","sticky":false,"template":"","format":"standard","meta":{"footnotes":""},"categories":[1],"tags":[],"class_list":["post-8803","post","type-post","status-publish","format-standard","hentry","category-allgemein"],"_links":{"self":[{"href":"https:\/\/www.bayernfanclub-saalachtal.de\/index.php?rest_route=\/wp\/v2\/posts\/8803","targetHints":{"allow":["GET"]}}],"collection":[{"href":"https:\/\/www.bayernfanclub-saalachtal.de\/index.php?rest_route=\/wp\/v2\/posts"}],"about":[{"href":"https:\/\/www.bayernfanclub-saalachtal.de\/index.php?rest_route=\/wp\/v2\/types\/post"}],"author":[{"embeddable":true,"href":"https:\/\/www.bayernfanclub-saalachtal.de\/index.php?rest_route=\/wp\/v2\/users\/3"}],"replies":[{"embeddable":true,"href":"https:\/\/www.bayernfanclub-saalachtal.de\/index.php?rest_route=%2Fwp%2Fv2%2Fcomments&post=8803"}],"version-history":[{"count":3,"href":"https:\/\/www.bayernfanclub-saalachtal.de\/index.php?rest_route=\/wp\/v2\/posts\/8803\/revisions"}],"predecessor-version":[{"id":8808,"href":"https:\/\/www.bayernfanclub-saalachtal.de\/index.php?rest_route=\/wp\/v2\/posts\/8803\/revisions\/8808"}],"wp:attachment":[{"href":"https:\/\/www.bayernfanclub-saalachtal.de\/index.php?rest_route=%2Fwp%2Fv2%2Fmedia&parent=8803"}],"wp:term":[{"taxonomy":"category","embeddable":true,"href":"https:\/\/www.bayernfanclub-saalachtal.de\/index.php?rest_route=%2Fwp%2Fv2%2Fcategories&post=8803"},{"taxonomy":"post_tag","embeddable":true,"href":"https:\/\/www.bayernfanclub-saalachtal.de\/index.php?rest_route=%2Fwp%2Fv2%2Ftags&post=8803"}],"curies":[{"name":"wp","href":"https:\/\/api.w.org\/{rel}","templated":true}]}}