{"id":8182,"date":"2023-09-17T15:27:52","date_gmt":"2023-09-17T14:27:52","guid":{"rendered":"https:\/\/www.bayernfanclub-saalachtal.de\/?p=8182"},"modified":"2023-09-17T15:43:27","modified_gmt":"2023-09-17T14:43:27","slug":"fc-bayern-bayer-leverkusen-15-09-2023","status":"publish","type":"post","link":"https:\/\/www.bayernfanclub-saalachtal.de\/?p=8182","title":{"rendered":"FC Bayern &#8211; Bayer Leverkusen 15.09.2023"},"content":{"rendered":"\n<figure class=\"wp-block-gallery has-nested-images columns-default is-cropped wp-block-gallery-1 is-layout-flex wp-block-gallery-is-layout-flex\">\n<figure class=\"wp-block-image size-large\"><img loading=\"lazy\" decoding=\"async\" width=\"1024\" height=\"768\" data-id=\"8183\" src=\"https:\/\/www.bayernfanclub-saalachtal.de\/wp-content\/uploads\/2023\/09\/IMG_20230915_175127888_HDR-1024x768.jpg\" alt=\"\" class=\"wp-image-8183\" srcset=\"https:\/\/www.bayernfanclub-saalachtal.de\/wp-content\/uploads\/2023\/09\/IMG_20230915_175127888_HDR-1024x768.jpg 1024w, https:\/\/www.bayernfanclub-saalachtal.de\/wp-content\/uploads\/2023\/09\/IMG_20230915_175127888_HDR-300x225.jpg 300w, https:\/\/www.bayernfanclub-saalachtal.de\/wp-content\/uploads\/2023\/09\/IMG_20230915_175127888_HDR-768x576.jpg 768w, https:\/\/www.bayernfanclub-saalachtal.de\/wp-content\/uploads\/2023\/09\/IMG_20230915_175127888_HDR-1536x1152.jpg 1536w, https:\/\/www.bayernfanclub-saalachtal.de\/wp-content\/uploads\/2023\/09\/IMG_20230915_175127888_HDR-2048x1536.jpg 2048w\" sizes=\"auto, (max-width: 1024px) 100vw, 1024px\" \/><\/figure>\n<\/figure>\n\n\n\n<p><strong>Mit einem vollbesetzten Bus machten sich die Mitglieder unseres Verein auf den Weg in die Allianz Arena. Die Vorfreude zum Auftakt des 4. Spieltages zum Spitzenspiel FC Bayern &#8211; Bayer Leverkusen war gro\u00df. Alle wollten unbedingt den Rekordmeister wieder an der Spitze sehen.<\/strong><\/p>\n\n\n\n<p><strong>Mit einer traurigen Choreographie wurden wir empfangen. Sebastian &#8220;Lewy&#8221; Neumann verstarb mit 46 Jahren nach l\u00e4ngerer Krankheit. Der Grafikdesigner und M\u00fcnchner Streetart-K\u00fcnstler war f\u00fcr viele Gestaltungen von Choreographien in der Allianz Arena verantwortlich. Deshalb nahm die S\u00fcdkurve auf diese Weise Abschied.<\/strong><\/p>\n\n\n\n<p><strong>Dann ging es endlich los. Als Harry Kane zum 1 &#8211; 0 traf war die Begeisterung riesig. Den Bayernfans wurde ein tolles Spiel mit vielen guten Chancen auf beiden Seiten geboten. Die Entscheidung fiel erst in der Nachspielzeit durch einen umstrittenen Elfer. Man musste sich leider mit einem 2 &#8211; 2 zufrieden geben.<\/strong><\/p>\n\n\n\n<p><strong>Auch wenn die Punkteausbeute am Ende so nicht gew\u00fcnscht war, war man sich einig ein Spitzenspiel gesehen zu haben. Hauptsache nicht verloren, lautete die Devise. 3 Mitglieder hatten auch das richtige Ergebnis vorausgesagt und teilten sich den Wetteinsatz.<\/strong><br \/><\/p>\n","protected":false},"excerpt":{"rendered":"<p>Mit einem vollbesetzten Bus machten sich die Mitglieder unseres Verein auf den Weg in die Allianz Arena. Die Vorfreude zum Auftakt des 4. Spieltages zum Spitzenspiel FC Bayern &#8211; Bayer Leverkusen war gro\u00df. Alle wollten unbedingt den Rekordmeister wieder an &hellip; <a href=\"https:\/\/www.bayernfanclub-saalachtal.de\/?p=8182\">Weiterlesen <span class=\"meta-nav\">&rarr;<\/span><\/a><\/p>\n","protected":false},"author":3,"featured_media":0,"comment_status":"open","ping_status":"open","sticky":false,"template":"","format":"standard","meta":{"footnotes":""},"categories":[1],"tags":[],"class_list":["post-8182","post","type-post","status-publish","format-standard","hentry","category-allgemein"],"_links":{"self":[{"href":"https:\/\/www.bayernfanclub-saalachtal.de\/index.php?rest_route=\/wp\/v2\/posts\/8182","targetHints":{"allow":["GET"]}}],"collection":[{"href":"https:\/\/www.bayernfanclub-saalachtal.de\/index.php?rest_route=\/wp\/v2\/posts"}],"about":[{"href":"https:\/\/www.bayernfanclub-saalachtal.de\/index.php?rest_route=\/wp\/v2\/types\/post"}],"author":[{"embeddable":true,"href":"https:\/\/www.bayernfanclub-saalachtal.de\/index.php?rest_route=\/wp\/v2\/users\/3"}],"replies":[{"embeddable":true,"href":"https:\/\/www.bayernfanclub-saalachtal.de\/index.php?rest_route=%2Fwp%2Fv2%2Fcomments&post=8182"}],"version-history":[{"count":3,"href":"https:\/\/www.bayernfanclub-saalachtal.de\/index.php?rest_route=\/wp\/v2\/posts\/8182\/revisions"}],"predecessor-version":[{"id":8188,"href":"https:\/\/www.bayernfanclub-saalachtal.de\/index.php?rest_route=\/wp\/v2\/posts\/8182\/revisions\/8188"}],"wp:attachment":[{"href":"https:\/\/www.bayernfanclub-saalachtal.de\/index.php?rest_route=%2Fwp%2Fv2%2Fmedia&parent=8182"}],"wp:term":[{"taxonomy":"category","embeddable":true,"href":"https:\/\/www.bayernfanclub-saalachtal.de\/index.php?rest_route=%2Fwp%2Fv2%2Fcategories&post=8182"},{"taxonomy":"post_tag","embeddable":true,"href":"https:\/\/www.bayernfanclub-saalachtal.de\/index.php?rest_route=%2Fwp%2Fv2%2Ftags&post=8182"}],"curies":[{"name":"wp","href":"https:\/\/api.w.org\/{rel}","templated":true}]}}