{"id":8043,"date":"2023-08-13T16:20:07","date_gmt":"2023-08-13T15:20:07","guid":{"rendered":"https:\/\/www.bayernfanclub-saalachtal.de\/?p=8043"},"modified":"2023-08-13T16:25:22","modified_gmt":"2023-08-13T15:25:22","slug":"sommerfest-am-11-08-2023","status":"publish","type":"post","link":"https:\/\/www.bayernfanclub-saalachtal.de\/?p=8043","title":{"rendered":"Sommerfest am 11.08.2023"},"content":{"rendered":"\n<figure class=\"wp-block-gallery has-nested-images columns-default is-cropped wp-block-gallery-1 is-layout-flex wp-block-gallery-is-layout-flex\">\n<figure class=\"wp-block-image size-large\"><img loading=\"lazy\" decoding=\"async\" width=\"811\" height=\"1024\" data-id=\"8045\" src=\"https:\/\/www.bayernfanclub-saalachtal.de\/wp-content\/uploads\/2023\/08\/IMG_4219-1-811x1024.jpg\" alt=\"\" class=\"wp-image-8045\" srcset=\"https:\/\/www.bayernfanclub-saalachtal.de\/wp-content\/uploads\/2023\/08\/IMG_4219-1-811x1024.jpg 811w, https:\/\/www.bayernfanclub-saalachtal.de\/wp-content\/uploads\/2023\/08\/IMG_4219-1-238x300.jpg 238w, https:\/\/www.bayernfanclub-saalachtal.de\/wp-content\/uploads\/2023\/08\/IMG_4219-1-768x970.jpg 768w, https:\/\/www.bayernfanclub-saalachtal.de\/wp-content\/uploads\/2023\/08\/IMG_4219-1-1216x1536.jpg 1216w, https:\/\/www.bayernfanclub-saalachtal.de\/wp-content\/uploads\/2023\/08\/IMG_4219-1-1621x2048.jpg 1621w, https:\/\/www.bayernfanclub-saalachtal.de\/wp-content\/uploads\/2023\/08\/IMG_4219-1-scaled.jpg 2027w\" sizes=\"auto, (max-width: 811px) 100vw, 811px\" \/><\/figure>\n<\/figure>\n\n\n\n<p><strong>Unser Fanclub tauschte kurz vor Saisonbeginn den gr\u00fcnen Rasen der Allinaz Arena gegen wundersch\u00f6ne G\u00e4rten aus.<\/strong><br \/><strong>Bei \u00e4u\u00dferst angenehmen Temperaturen feierte der Fanclub nach 3j\u00e4hriger Pause ein Sommerfest in den Heimg\u00e4rten von Bad Reichenhall<\/strong>. <strong>Die Heimgarten Gastst\u00e4tte &#8220;Zum Bergei&#8221; bereitete ein opulentes Grillfest vor. Es gab f\u00fcr jeden etwas, sogar an Vegetarier wurde gedacht mit Grillgem\u00fcse und Salaten. Zum Dessert gab es einen wunderbaren Kaiserschmarrn.<\/strong><br \/><strong>Musiker Klaus Mehlig sorgte f\u00fcr grandiose Stimmung mit internationalem Programm &#8211; von der Polka bis zum Rock &#8211; lautet seine Devise.<\/strong><br \/><strong>Dank etlicher Sponsoren, allen voran der FC Bayern konnte eine gro\u00dfz\u00fcgige Tombola durchgef\u00fchrt werden. Der Erl\u00f6s der Tombola wird einem sozialen Zweck gespendet. Es gab sogar zwei Hauptpreise zu vergeben. Der 1. Preis ging an Ludwig Lackner, der sich \u00fcber 2 Tickets zum BL-Spiel FC Bayern &#8211; Borussia Dortmund am Ostersamstag 2024 freute. Der andere Preis, das neue Home-Trikot des FCB ging an Mitglied<\/strong> <strong>Peter Stephan.<\/strong><br \/><strong>Gegen Mitternacht gingen auch die letzten Mitglieder und freuten sich \u00fcber ein gelungenes Sommerfest.<\/strong><br \/><\/p>\n\n\n\n<figure class=\"wp-block-gallery has-nested-images columns-default is-cropped wp-block-gallery-2 is-layout-flex wp-block-gallery-is-layout-flex\">\n<figure class=\"wp-block-image size-large\"><img loading=\"lazy\" decoding=\"async\" width=\"891\" height=\"1024\" data-id=\"8049\" src=\"https:\/\/www.bayernfanclub-saalachtal.de\/wp-content\/uploads\/2023\/08\/IMG_4216-1-891x1024.jpg\" alt=\"\" class=\"wp-image-8049\" srcset=\"https:\/\/www.bayernfanclub-saalachtal.de\/wp-content\/uploads\/2023\/08\/IMG_4216-1-891x1024.jpg 891w, https:\/\/www.bayernfanclub-saalachtal.de\/wp-content\/uploads\/2023\/08\/IMG_4216-1-261x300.jpg 261w, https:\/\/www.bayernfanclub-saalachtal.de\/wp-content\/uploads\/2023\/08\/IMG_4216-1-768x883.jpg 768w, https:\/\/www.bayernfanclub-saalachtal.de\/wp-content\/uploads\/2023\/08\/IMG_4216-1-1336x1536.jpg 1336w, https:\/\/www.bayernfanclub-saalachtal.de\/wp-content\/uploads\/2023\/08\/IMG_4216-1-1781x2048.jpg 1781w\" sizes=\"auto, (max-width: 891px) 100vw, 891px\" \/><\/figure>\n<\/figure>\n","protected":false},"excerpt":{"rendered":"<p>Unser Fanclub tauschte kurz vor Saisonbeginn den gr\u00fcnen Rasen der Allinaz Arena gegen wundersch\u00f6ne G\u00e4rten aus.Bei \u00e4u\u00dferst angenehmen Temperaturen feierte der Fanclub nach 3j\u00e4hriger Pause ein Sommerfest in den Heimg\u00e4rten von Bad Reichenhall. Die Heimgarten Gastst\u00e4tte &#8220;Zum Bergei&#8221; bereitete ein &hellip; <a href=\"https:\/\/www.bayernfanclub-saalachtal.de\/?p=8043\">Weiterlesen <span class=\"meta-nav\">&rarr;<\/span><\/a><\/p>\n","protected":false},"author":3,"featured_media":0,"comment_status":"open","ping_status":"open","sticky":false,"template":"","format":"standard","meta":{"footnotes":""},"categories":[1],"tags":[],"class_list":["post-8043","post","type-post","status-publish","format-standard","hentry","category-allgemein"],"_links":{"self":[{"href":"https:\/\/www.bayernfanclub-saalachtal.de\/index.php?rest_route=\/wp\/v2\/posts\/8043","targetHints":{"allow":["GET"]}}],"collection":[{"href":"https:\/\/www.bayernfanclub-saalachtal.de\/index.php?rest_route=\/wp\/v2\/posts"}],"about":[{"href":"https:\/\/www.bayernfanclub-saalachtal.de\/index.php?rest_route=\/wp\/v2\/types\/post"}],"author":[{"embeddable":true,"href":"https:\/\/www.bayernfanclub-saalachtal.de\/index.php?rest_route=\/wp\/v2\/users\/3"}],"replies":[{"embeddable":true,"href":"https:\/\/www.bayernfanclub-saalachtal.de\/index.php?rest_route=%2Fwp%2Fv2%2Fcomments&post=8043"}],"version-history":[{"count":4,"href":"https:\/\/www.bayernfanclub-saalachtal.de\/index.php?rest_route=\/wp\/v2\/posts\/8043\/revisions"}],"predecessor-version":[{"id":8050,"href":"https:\/\/www.bayernfanclub-saalachtal.de\/index.php?rest_route=\/wp\/v2\/posts\/8043\/revisions\/8050"}],"wp:attachment":[{"href":"https:\/\/www.bayernfanclub-saalachtal.de\/index.php?rest_route=%2Fwp%2Fv2%2Fmedia&parent=8043"}],"wp:term":[{"taxonomy":"category","embeddable":true,"href":"https:\/\/www.bayernfanclub-saalachtal.de\/index.php?rest_route=%2Fwp%2Fv2%2Fcategories&post=8043"},{"taxonomy":"post_tag","embeddable":true,"href":"https:\/\/www.bayernfanclub-saalachtal.de\/index.php?rest_route=%2Fwp%2Fv2%2Ftags&post=8043"}],"curies":[{"name":"wp","href":"https:\/\/api.w.org\/{rel}","templated":true}]}}