{"id":5121,"date":"2018-05-11T14:42:05","date_gmt":"2018-05-11T13:42:05","guid":{"rendered":"http:\/\/www.bayernfanclub-saalachtal.de\/?p=5121"},"modified":"2018-05-11T18:12:29","modified_gmt":"2018-05-11T17:12:29","slug":"empfang-beim-bayerischen-ministerpraesident","status":"publish","type":"post","link":"https:\/\/www.bayernfanclub-saalachtal.de\/?p=5121","title":{"rendered":"Empfang beim Bayerischen Ministerpr\u00e4sident"},"content":{"rendered":"<p>&nbsp;<\/p>\n<div id=\"attachment_5131\" style=\"width: 310px\" class=\"wp-caption aligncenter\"><img loading=\"lazy\" decoding=\"async\" aria-describedby=\"caption-attachment-5131\" class=\"size-medium wp-image-5131\" src=\"http:\/\/www.bayernfanclub-saalachtal.de\/wp-content\/uploads\/gallery\/empfang-zu-ehren-des-fc-bayern\/_cache\/2032311809-ministerpraesident-dr-markus-soeder-mdl-hat-am-9-mai-2018-mannschaft-trainer-und-betreuer-sowie-mitglieder-vereinsfuehrung-152ghIHHWUNG-300x199.jpg\" alt=\"\" width=\"300\" height=\"199\" srcset=\"https:\/\/www.bayernfanclub-saalachtal.de\/wp-content\/uploads\/empfang-zu-ehren-des-fc-bayern\/_cache\/2032311809-ministerpraesident-dr-markus-soeder-mdl-hat-am-9-mai-2018-mannschaft-trainer-und-betreuer-sowie-mitglieder-vereinsfuehrung-152ghIHHWUNG-300x199.jpg 300w, https:\/\/www.bayernfanclub-saalachtal.de\/wp-content\/uploads\/empfang-zu-ehren-des-fc-bayern\/_cache\/2032311809-ministerpraesident-dr-markus-soeder-mdl-hat-am-9-mai-2018-mannschaft-trainer-und-betreuer-sowie-mitglieder-vereinsfuehrung-152ghIHHWUNG-768x509.jpg 768w, https:\/\/www.bayernfanclub-saalachtal.de\/wp-content\/uploads\/empfang-zu-ehren-des-fc-bayern\/2032311809-ministerpraesident-dr-markus-soeder-mdl-hat-am-9-mai-2018-mannschaft-trainer-und-betreuer-sowie-mitglieder-vereinsfuehrung-152ghIHHWUNG.jpg 849w\" sizes=\"auto, (max-width: 300px) 100vw, 300px\" \/><p id=\"caption-attachment-5131\" class=\"wp-caption-text\">Ministerpr\u00e4sident S\u00f6der bekommt sein Trikot \u00fcberreicht<\/p><\/div>\n<p>Aus Anlass des Gewinns der Deutschen Fussball-Meisterschaft 2017\/18 lud der Bayerische Ministerpr\u00e4sident S\u00f6der zu einem Empfang zu Ehren des FC Bayern M\u00fcnchen ein. Ca. 500 Personen kamen gerne dieser Einladung in die Staatskanzlei nach. Unser Verein wurde vom 1. Vorstand Peter Ranninger und 1. Schatzmeisterin Christa Ranninger vertreten.<br \/>\nTrainer Jupp Heynckes, der an diesem Tag seinen 73. Geburtstag feierte, wurde von den Bayern-Fans mit lauten &#8220;Jupp, Jupp, Jupp&#8221;-Rufen empfangen und stimmten noch ein Geburtstagsst\u00e4ndchen f\u00fcr den Jubilar an. Ein Pr\u00e4sent hatte S\u00f6der auch noch parat. Au\u00dferdem w\u00fcrdigte\u00a0er den deutschen Rekordmeister f\u00fcr seine sportlichen Leistungen. Aber auch Uli Hoeness und Karl-Heinz Rummenigge hatten ein Geschenk dabei, n\u00e4mlich das neue Home-Trikot mit der Nr. 12 und den Aufdruck &#8220;S\u00f6der&#8221;. Als alle Bayern-Fans ihn zum Anziehen aufforderten, blieb dem neuen Landesvater keine andere M\u00f6glichkeit, es kurzfristig anzuziehen, was mit viel Applaus gew\u00fcrdigt wurde.\u00a0Zum Abschluss der Zeremonie trugen sich alle Spieler und Verantwortlichen des FC Bayern in das G\u00e4stebuch der Bayerischen Staatsregierung ein.<br \/>\nInzwischen hatte ein Catering ein Buffet im Hofgarten aufgebaut. Bei Speis und Trank tauschten die Vorst\u00e4nde aller eingeladenen Fanclubs aus M\u00fcnchen, Ober- und Niederbayern, aus der Oberpfalz und dem Allg\u00e4u und nat\u00fcrlich auch aus Franken ihre Meinungen \u00fcber die Saison 2017\/18 aus. Als ein Wolkenbruch \u00fcber M\u00fcnchen kam, fand die sehr sch\u00f6ne Veranstaltung ein rasches Ende.<\/p>\n","protected":false},"excerpt":{"rendered":"<p>&nbsp; Aus Anlass des Gewinns der Deutschen Fussball-Meisterschaft 2017\/18 lud der Bayerische Ministerpr\u00e4sident S\u00f6der zu einem Empfang zu Ehren des FC Bayern M\u00fcnchen ein. Ca. 500 Personen kamen gerne dieser Einladung in die Staatskanzlei nach. Unser Verein wurde vom 1. &hellip; <a href=\"https:\/\/www.bayernfanclub-saalachtal.de\/?p=5121\">Weiterlesen <span class=\"meta-nav\">&rarr;<\/span><\/a><\/p>\n","protected":false},"author":3,"featured_media":0,"comment_status":"open","ping_status":"open","sticky":false,"template":"","format":"standard","meta":{"footnotes":""},"categories":[1],"tags":[],"class_list":["post-5121","post","type-post","status-publish","format-standard","hentry","category-allgemein"],"_links":{"self":[{"href":"https:\/\/www.bayernfanclub-saalachtal.de\/index.php?rest_route=\/wp\/v2\/posts\/5121","targetHints":{"allow":["GET"]}}],"collection":[{"href":"https:\/\/www.bayernfanclub-saalachtal.de\/index.php?rest_route=\/wp\/v2\/posts"}],"about":[{"href":"https:\/\/www.bayernfanclub-saalachtal.de\/index.php?rest_route=\/wp\/v2\/types\/post"}],"author":[{"embeddable":true,"href":"https:\/\/www.bayernfanclub-saalachtal.de\/index.php?rest_route=\/wp\/v2\/users\/3"}],"replies":[{"embeddable":true,"href":"https:\/\/www.bayernfanclub-saalachtal.de\/index.php?rest_route=%2Fwp%2Fv2%2Fcomments&post=5121"}],"version-history":[{"count":7,"href":"https:\/\/www.bayernfanclub-saalachtal.de\/index.php?rest_route=\/wp\/v2\/posts\/5121\/revisions"}],"predecessor-version":[{"id":5211,"href":"https:\/\/www.bayernfanclub-saalachtal.de\/index.php?rest_route=\/wp\/v2\/posts\/5121\/revisions\/5211"}],"wp:attachment":[{"href":"https:\/\/www.bayernfanclub-saalachtal.de\/index.php?rest_route=%2Fwp%2Fv2%2Fmedia&parent=5121"}],"wp:term":[{"taxonomy":"category","embeddable":true,"href":"https:\/\/www.bayernfanclub-saalachtal.de\/index.php?rest_route=%2Fwp%2Fv2%2Fcategories&post=5121"},{"taxonomy":"post_tag","embeddable":true,"href":"https:\/\/www.bayernfanclub-saalachtal.de\/index.php?rest_route=%2Fwp%2Fv2%2Ftags&post=5121"}],"curies":[{"name":"wp","href":"https:\/\/api.w.org\/{rel}","templated":true}]}}