{"id":3629,"date":"2016-04-21T18:11:51","date_gmt":"2016-04-21T17:11:51","guid":{"rendered":"http:\/\/www.bayernfanclub-saalachtal.de\/?p=3629"},"modified":"2016-04-22T18:28:04","modified_gmt":"2016-04-22T17:28:04","slug":"dfb-pokal-halbfinale-gegen-werder-bremen","status":"publish","type":"post","link":"https:\/\/www.bayernfanclub-saalachtal.de\/?p=3629","title":{"rendered":"DFB-Pokal-Halbfinale gegen Werder Bremen"},"content":{"rendered":"<p>Bereits\u00a03 Tage nach dem Bundesligaspiel gegen Schalke 04 ging es schon wieder in die Allianz Arena nach M\u00fcnchen, dieses Mal gegen Werder Bremen im DFB-Pokal-Halbfinale. Unser Ziel war es, in die Landeshauptstadt zum Finale zu fahren und das wurde am Ende des Abends auch erreicht. Zur Freude der Fans sorgte Thomas M\u00fcller schon nach 30 Minuten f\u00fcr die knappe Halbzeitf\u00fchrung, ehe er per Elfmeter den 2 : 0 Heimsieg perfekt machte. Was f\u00fcr ein harter Arbeitssieg. Fanges\u00e4nge Berlin, Berlin, wir fahren nach Berlin, begleiteten die Fans in der Arena.<br \/>\nSchatzmeisterin Christa Ranninger hatte das richtige Gesp\u00fcr f\u00fcr den 2 : 0 Endstand und konnte sich einen ordentlichen Gewinn mit Waldemar Bargen teilen.<\/p>\n","protected":false},"excerpt":{"rendered":"<p>Bereits\u00a03 Tage nach dem Bundesligaspiel gegen Schalke 04 ging es schon wieder in die Allianz Arena nach M\u00fcnchen, dieses Mal gegen Werder Bremen im DFB-Pokal-Halbfinale. Unser Ziel war es, in die Landeshauptstadt zum Finale zu fahren und das wurde am &hellip; <a href=\"https:\/\/www.bayernfanclub-saalachtal.de\/?p=3629\">Weiterlesen <span class=\"meta-nav\">&rarr;<\/span><\/a><\/p>\n","protected":false},"author":3,"featured_media":0,"comment_status":"open","ping_status":"open","sticky":false,"template":"","format":"standard","meta":{"footnotes":""},"categories":[1],"tags":[],"class_list":["post-3629","post","type-post","status-publish","format-standard","hentry","category-allgemein"],"_links":{"self":[{"href":"https:\/\/www.bayernfanclub-saalachtal.de\/index.php?rest_route=\/wp\/v2\/posts\/3629","targetHints":{"allow":["GET"]}}],"collection":[{"href":"https:\/\/www.bayernfanclub-saalachtal.de\/index.php?rest_route=\/wp\/v2\/posts"}],"about":[{"href":"https:\/\/www.bayernfanclub-saalachtal.de\/index.php?rest_route=\/wp\/v2\/types\/post"}],"author":[{"embeddable":true,"href":"https:\/\/www.bayernfanclub-saalachtal.de\/index.php?rest_route=\/wp\/v2\/users\/3"}],"replies":[{"embeddable":true,"href":"https:\/\/www.bayernfanclub-saalachtal.de\/index.php?rest_route=%2Fwp%2Fv2%2Fcomments&post=3629"}],"version-history":[{"count":4,"href":"https:\/\/www.bayernfanclub-saalachtal.de\/index.php?rest_route=\/wp\/v2\/posts\/3629\/revisions"}],"predecessor-version":[{"id":3633,"href":"https:\/\/www.bayernfanclub-saalachtal.de\/index.php?rest_route=\/wp\/v2\/posts\/3629\/revisions\/3633"}],"wp:attachment":[{"href":"https:\/\/www.bayernfanclub-saalachtal.de\/index.php?rest_route=%2Fwp%2Fv2%2Fmedia&parent=3629"}],"wp:term":[{"taxonomy":"category","embeddable":true,"href":"https:\/\/www.bayernfanclub-saalachtal.de\/index.php?rest_route=%2Fwp%2Fv2%2Fcategories&post=3629"},{"taxonomy":"post_tag","embeddable":true,"href":"https:\/\/www.bayernfanclub-saalachtal.de\/index.php?rest_route=%2Fwp%2Fv2%2Ftags&post=3629"}],"curies":[{"name":"wp","href":"https:\/\/api.w.org\/{rel}","templated":true}]}}