{"id":3572,"date":"2016-04-06T14:30:18","date_gmt":"2016-04-06T13:30:18","guid":{"rendered":"http:\/\/www.bayernfanclub-saalachtal.de\/?p=3572"},"modified":"2016-04-08T16:46:53","modified_gmt":"2016-04-08T15:46:53","slug":"fahrt-zum-cl-spiel-fc-bayern-benfica-lissabon","status":"publish","type":"post","link":"https:\/\/www.bayernfanclub-saalachtal.de\/?p=3572","title":{"rendered":"Fahrt zum CL-Spiel FC Bayern &#8211; Benfica Lissabon"},"content":{"rendered":"<p>&nbsp;<\/p>\n<div id=\"attachment_3598\" style=\"width: 310px\" class=\"wp-caption aligncenter\"><img loading=\"lazy\" decoding=\"async\" aria-describedby=\"caption-attachment-3598\" class=\"size-medium wp-image-3598\" src=\"http:\/\/www.bayernfanclub-saalachtal.de\/wp-content\/uploads\/gallery\/cl-spiel-fc-bayern-benfica-lissabon\/_cache\/K800_DSC06662-300x225.jpg\" alt=\"Unser Einlaufkind Tobias Gruber, ganz links\" width=\"300\" height=\"225\" srcset=\"https:\/\/www.bayernfanclub-saalachtal.de\/wp-content\/uploads\/cl-spiel-fc-bayern-benfica-lissabon\/_cache\/K800_DSC06662-300x225.jpg 300w, https:\/\/www.bayernfanclub-saalachtal.de\/wp-content\/uploads\/cl-spiel-fc-bayern-benfica-lissabon\/_cache\/K800_DSC06662-768x576.jpg 768w, https:\/\/www.bayernfanclub-saalachtal.de\/wp-content\/uploads\/cl-spiel-fc-bayern-benfica-lissabon\/K800_DSC06662.jpg 800w\" sizes=\"auto, (max-width: 300px) 100vw, 300px\" \/><p id=\"caption-attachment-3598\" class=\"wp-caption-text\">Unser Einlaufkind Tobias Gruber, ganz links<\/p><\/div>\n<p style=\"text-align: left;\">Am 5. April 2016 fuhr eine 40k\u00f6pfige Gruppe des Fanclubs zum Champions League-Viertelfinale zwischen dem FC Bayern M\u00fcnchen und Benfica Lissabon. Dabei war auch unser Mitglied Tobias Gruber. Dieser war als Einlaufkind vorgesehen und durfte an der Seite des polnischen Schiedsrichters Szymon Marciniak mit dem Ball in der Hand in die Allianz Arena einlaufen.<br \/>\nMit diesem Ball, den der 10j\u00e4hrige Tobias dem Schiedsrichter \u00fcbergab, gelang Arturo Vidal bereits in der 2. Minute die fr\u00fche F\u00fchrung f\u00fcr die M\u00fcnchner. Dass das auch der Endstand war, spielte aber keine so gro\u00dfe Rolle. Bei der Heimreise im Bus beantwortete Tobias alle Fragen des 1. Vorsitzenden Peter Ranninger, denn schlie\u00dflich war er ja hautnah bei Manuel Neuer, Philipp Lahm und Co., ein Erlebnis, an das er bestimmt noch lange denken wird.<\/p>\n","protected":false},"excerpt":{"rendered":"<p>&nbsp; Am 5. April 2016 fuhr eine 40k\u00f6pfige Gruppe des Fanclubs zum Champions League-Viertelfinale zwischen dem FC Bayern M\u00fcnchen und Benfica Lissabon. Dabei war auch unser Mitglied Tobias Gruber. Dieser war als Einlaufkind vorgesehen und durfte an der Seite des &hellip; <a href=\"https:\/\/www.bayernfanclub-saalachtal.de\/?p=3572\">Weiterlesen <span class=\"meta-nav\">&rarr;<\/span><\/a><\/p>\n","protected":false},"author":3,"featured_media":0,"comment_status":"open","ping_status":"open","sticky":false,"template":"","format":"standard","meta":{"footnotes":""},"categories":[1],"tags":[],"class_list":["post-3572","post","type-post","status-publish","format-standard","hentry","category-allgemein"],"_links":{"self":[{"href":"https:\/\/www.bayernfanclub-saalachtal.de\/index.php?rest_route=\/wp\/v2\/posts\/3572","targetHints":{"allow":["GET"]}}],"collection":[{"href":"https:\/\/www.bayernfanclub-saalachtal.de\/index.php?rest_route=\/wp\/v2\/posts"}],"about":[{"href":"https:\/\/www.bayernfanclub-saalachtal.de\/index.php?rest_route=\/wp\/v2\/types\/post"}],"author":[{"embeddable":true,"href":"https:\/\/www.bayernfanclub-saalachtal.de\/index.php?rest_route=\/wp\/v2\/users\/3"}],"replies":[{"embeddable":true,"href":"https:\/\/www.bayernfanclub-saalachtal.de\/index.php?rest_route=%2Fwp%2Fv2%2Fcomments&post=3572"}],"version-history":[{"count":5,"href":"https:\/\/www.bayernfanclub-saalachtal.de\/index.php?rest_route=\/wp\/v2\/posts\/3572\/revisions"}],"predecessor-version":[{"id":3608,"href":"https:\/\/www.bayernfanclub-saalachtal.de\/index.php?rest_route=\/wp\/v2\/posts\/3572\/revisions\/3608"}],"wp:attachment":[{"href":"https:\/\/www.bayernfanclub-saalachtal.de\/index.php?rest_route=%2Fwp%2Fv2%2Fmedia&parent=3572"}],"wp:term":[{"taxonomy":"category","embeddable":true,"href":"https:\/\/www.bayernfanclub-saalachtal.de\/index.php?rest_route=%2Fwp%2Fv2%2Fcategories&post=3572"},{"taxonomy":"post_tag","embeddable":true,"href":"https:\/\/www.bayernfanclub-saalachtal.de\/index.php?rest_route=%2Fwp%2Fv2%2Ftags&post=3572"}],"curies":[{"name":"wp","href":"https:\/\/api.w.org\/{rel}","templated":true}]}}