{"id":1845,"date":"2014-06-27T14:39:42","date_gmt":"2014-06-27T13:39:42","guid":{"rendered":"http:\/\/www.bayernfanclub-saalachtal.de\/?p=1845"},"modified":"2014-07-18T13:14:55","modified_gmt":"2014-07-18T12:14:55","slug":"teampraesentation-in-der-allianz-arena","status":"publish","type":"post","link":"https:\/\/www.bayernfanclub-saalachtal.de\/?p=1845","title":{"rendered":"Familienfest mit Teampr\u00e4sentation in der Allianz-Arena"},"content":{"rendered":"<p>Der FC Bayern l\u00e4dt alle Fans zum ersten Fu\u00dfball-Highlight der neuen Saison ein. Am Samstag, 09. August 2014 zeigt sich die komplette Mannschaft, inklusive WM-Teilnehmer sowie den Neuverpflichtungen Robert Lewandowski und Sebastian Rode. Au\u00dferdem werden die beiden Pokale der vergangenen Double-Saison pr\u00e4sentiert.<br \/>\nDas Familienfest auf der Esplanade startet am 9. August ab 14.00 Uhr. Die offizielle Teampr\u00e4sentation beginnt um 16.00 Uhr unter der Moderation von Stadionsprecher Stephan Lehmann. Die Spieler werden einzeln den Zuschauern vorgestellt und willkommen gehei\u00dfen. Unter der F\u00fchrung von Trainer Pep Guardiola folgt dann ein Show-Training der Profi-Mannschaft.<br \/>\nIm Anschluss findet ein weiteres Highlight statt. Paul Breitner fordert mit den FC Bayern AllStars die Manchester United Legends heraus. F\u00fcr dieses einzigartige Duell unterbrechen fr\u00fchere Profispieler wie u.a. Paul Scholes, Dwight Yorke, Owen Hargreves, Paulo Sergio und Mark van Bommel ihren Fu\u00dfball-Ruhestand und laufen gemeinsam auf. Eine tolle Gelegenheit sich auf die neue Saison einzustimmen.<br \/>\nKarten sind bestellt. Es wird eine Fahrt organisiert. Karte mit Busfahrt 17,00 -\u00e2\u20ac\u0161\u00ac. Abfahrt in Bad Reichenhall um 12.00 Uhr in der M\u00fcnchner Allee beim Edeka Dorrer. N\u00e4heres beim Vorstand Peter Ranninger, Tel. 08651-63539.<br \/>\nAlle 50 Karten sind bereits vergeben, aber wir haben eine Warteliste.<\/p>\n","protected":false},"excerpt":{"rendered":"<p>Der FC Bayern l\u00e4dt alle Fans zum ersten Fu\u00dfball-Highlight der neuen Saison ein. Am Samstag, 09. August 2014 zeigt sich die komplette Mannschaft, inklusive WM-Teilnehmer sowie den Neuverpflichtungen Robert Lewandowski und Sebastian Rode. Au\u00dferdem werden die beiden Pokale der vergangenen &hellip; <a href=\"https:\/\/www.bayernfanclub-saalachtal.de\/?p=1845\">Weiterlesen <span class=\"meta-nav\">&rarr;<\/span><\/a><\/p>\n","protected":false},"author":3,"featured_media":0,"comment_status":"open","ping_status":"open","sticky":false,"template":"","format":"standard","meta":{"footnotes":""},"categories":[1],"tags":[],"class_list":["post-1845","post","type-post","status-publish","format-standard","hentry","category-allgemein"],"_links":{"self":[{"href":"https:\/\/www.bayernfanclub-saalachtal.de\/index.php?rest_route=\/wp\/v2\/posts\/1845","targetHints":{"allow":["GET"]}}],"collection":[{"href":"https:\/\/www.bayernfanclub-saalachtal.de\/index.php?rest_route=\/wp\/v2\/posts"}],"about":[{"href":"https:\/\/www.bayernfanclub-saalachtal.de\/index.php?rest_route=\/wp\/v2\/types\/post"}],"author":[{"embeddable":true,"href":"https:\/\/www.bayernfanclub-saalachtal.de\/index.php?rest_route=\/wp\/v2\/users\/3"}],"replies":[{"embeddable":true,"href":"https:\/\/www.bayernfanclub-saalachtal.de\/index.php?rest_route=%2Fwp%2Fv2%2Fcomments&post=1845"}],"version-history":[{"count":6,"href":"https:\/\/www.bayernfanclub-saalachtal.de\/index.php?rest_route=\/wp\/v2\/posts\/1845\/revisions"}],"predecessor-version":[{"id":1860,"href":"https:\/\/www.bayernfanclub-saalachtal.de\/index.php?rest_route=\/wp\/v2\/posts\/1845\/revisions\/1860"}],"wp:attachment":[{"href":"https:\/\/www.bayernfanclub-saalachtal.de\/index.php?rest_route=%2Fwp%2Fv2%2Fmedia&parent=1845"}],"wp:term":[{"taxonomy":"category","embeddable":true,"href":"https:\/\/www.bayernfanclub-saalachtal.de\/index.php?rest_route=%2Fwp%2Fv2%2Fcategories&post=1845"},{"taxonomy":"post_tag","embeddable":true,"href":"https:\/\/www.bayernfanclub-saalachtal.de\/index.php?rest_route=%2Fwp%2Fv2%2Ftags&post=1845"}],"curies":[{"name":"wp","href":"https:\/\/api.w.org\/{rel}","templated":true}]}}