{"id":182,"date":"2013-04-13T13:51:52","date_gmt":"2013-04-13T12:51:52","guid":{"rendered":"http:\/\/www.bayernfanclub-saalachtal.de\/?p=182"},"modified":"2013-04-13T13:52:03","modified_gmt":"2013-04-13T12:52:03","slug":"champions-halbfinale-fc-bayern-barcelona","status":"publish","type":"post","link":"https:\/\/www.bayernfanclub-saalachtal.de\/?p=182","title":{"rendered":"Champions-Halbfinale FC Bayern &#8211; Barcelona"},"content":{"rendered":"<p>Nachdem wir in letzter Zeit zus\u00e4tzlich mehrere Karten bekommen haben wie z.B. Champions-League Achtel- und Viertelfinale sowie DFB-Pokal Viertel- und Halbfinale haben wir jetzt leider nicht mehr so viel Gl\u00fcck. Heute kam die <strong>Absage des FC Bayern. <\/strong>Zum Champions-League-Halbfinale bekommen wir leider keine Karten.<\/p>\n<p>F\u00fcr den Rest der Saison w\u00fcnschen wir Euch noch viele Bayernsiege und Bayerntore und nat\u00fcrlich ein Finale und London und anschlie\u00dfend in Berlin.<\/p>\n","protected":false},"excerpt":{"rendered":"<p>Nachdem wir in letzter Zeit zus\u00e4tzlich mehrere Karten bekommen haben wie z.B. Champions-League Achtel- und Viertelfinale sowie DFB-Pokal Viertel- und Halbfinale haben wir jetzt leider nicht mehr so viel Gl\u00fcck. Heute kam die Absage des FC Bayern. Zum Champions-League-Halbfinale bekommen &hellip; <a href=\"https:\/\/www.bayernfanclub-saalachtal.de\/?p=182\">Weiterlesen <span class=\"meta-nav\">&rarr;<\/span><\/a><\/p>\n","protected":false},"author":3,"featured_media":0,"comment_status":"open","ping_status":"open","sticky":false,"template":"","format":"standard","meta":{"footnotes":""},"categories":[1],"tags":[],"class_list":["post-182","post","type-post","status-publish","format-standard","hentry","category-allgemein"],"_links":{"self":[{"href":"https:\/\/www.bayernfanclub-saalachtal.de\/index.php?rest_route=\/wp\/v2\/posts\/182","targetHints":{"allow":["GET"]}}],"collection":[{"href":"https:\/\/www.bayernfanclub-saalachtal.de\/index.php?rest_route=\/wp\/v2\/posts"}],"about":[{"href":"https:\/\/www.bayernfanclub-saalachtal.de\/index.php?rest_route=\/wp\/v2\/types\/post"}],"author":[{"embeddable":true,"href":"https:\/\/www.bayernfanclub-saalachtal.de\/index.php?rest_route=\/wp\/v2\/users\/3"}],"replies":[{"embeddable":true,"href":"https:\/\/www.bayernfanclub-saalachtal.de\/index.php?rest_route=%2Fwp%2Fv2%2Fcomments&post=182"}],"version-history":[{"count":2,"href":"https:\/\/www.bayernfanclub-saalachtal.de\/index.php?rest_route=\/wp\/v2\/posts\/182\/revisions"}],"predecessor-version":[{"id":184,"href":"https:\/\/www.bayernfanclub-saalachtal.de\/index.php?rest_route=\/wp\/v2\/posts\/182\/revisions\/184"}],"wp:attachment":[{"href":"https:\/\/www.bayernfanclub-saalachtal.de\/index.php?rest_route=%2Fwp%2Fv2%2Fmedia&parent=182"}],"wp:term":[{"taxonomy":"category","embeddable":true,"href":"https:\/\/www.bayernfanclub-saalachtal.de\/index.php?rest_route=%2Fwp%2Fv2%2Fcategories&post=182"},{"taxonomy":"post_tag","embeddable":true,"href":"https:\/\/www.bayernfanclub-saalachtal.de\/index.php?rest_route=%2Fwp%2Fv2%2Ftags&post=182"}],"curies":[{"name":"wp","href":"https:\/\/api.w.org\/{rel}","templated":true}]}}