{"id":1025,"date":"2013-08-19T17:48:59","date_gmt":"2013-08-19T16:48:59","guid":{"rendered":"http:\/\/www.bayernfanclub-saalachtal.de\/?p=1025"},"modified":"2013-08-19T17:48:59","modified_gmt":"2013-08-19T16:48:59","slug":"fc-bayern-munchen-fc-chelsea-am-30-08-2013","status":"publish","type":"post","link":"https:\/\/www.bayernfanclub-saalachtal.de\/?p=1025","title":{"rendered":"FC Bayern M\u00fcnchen &#8211; FC Chelsea am 30.08.2013"},"content":{"rendered":"<p>In Prag kommt es im europ\u00e4ischen Supercup-Finale zur Revanche des Champions-League-Finale 2012, als die Bayern dem FC Chelsea nach Elfmeterschie\u00dfen unterlagen.<br \/>\nIm Rahmen unseres monatlichen Stammtischs treffen wir uns am <strong>Freitag, den 30.08.2013 um 19.00 Uhr <\/strong>in der Kantine der Neuen Saline. Die Wirtsleute Thomas und Herbert werden f\u00fcr uns bei sch\u00f6nem Wetter auf der Terrasse grillen.<br \/>\nAnschlie\u00dfend werden wir gemeinsam den UEFA-Supercup auf Gro\u00dfbildleinwand in der Kantine anschauen.<br \/>\nParkpl\u00e4tze sind bei der Neuen Saline reichlich vorhanden.<\/p>\n","protected":false},"excerpt":{"rendered":"<p>In Prag kommt es im europ\u00e4ischen Supercup-Finale zur Revanche des Champions-League-Finale 2012, als die Bayern dem FC Chelsea nach Elfmeterschie\u00dfen unterlagen. Im Rahmen unseres monatlichen Stammtischs treffen wir uns am Freitag, den 30.08.2013 um 19.00 Uhr in der Kantine der &hellip; <a href=\"https:\/\/www.bayernfanclub-saalachtal.de\/?p=1025\">Weiterlesen <span class=\"meta-nav\">&rarr;<\/span><\/a><\/p>\n","protected":false},"author":3,"featured_media":0,"comment_status":"open","ping_status":"open","sticky":false,"template":"","format":"standard","meta":{"footnotes":""},"categories":[1],"tags":[],"class_list":["post-1025","post","type-post","status-publish","format-standard","hentry","category-allgemein"],"_links":{"self":[{"href":"https:\/\/www.bayernfanclub-saalachtal.de\/index.php?rest_route=\/wp\/v2\/posts\/1025","targetHints":{"allow":["GET"]}}],"collection":[{"href":"https:\/\/www.bayernfanclub-saalachtal.de\/index.php?rest_route=\/wp\/v2\/posts"}],"about":[{"href":"https:\/\/www.bayernfanclub-saalachtal.de\/index.php?rest_route=\/wp\/v2\/types\/post"}],"author":[{"embeddable":true,"href":"https:\/\/www.bayernfanclub-saalachtal.de\/index.php?rest_route=\/wp\/v2\/users\/3"}],"replies":[{"embeddable":true,"href":"https:\/\/www.bayernfanclub-saalachtal.de\/index.php?rest_route=%2Fwp%2Fv2%2Fcomments&post=1025"}],"version-history":[{"count":1,"href":"https:\/\/www.bayernfanclub-saalachtal.de\/index.php?rest_route=\/wp\/v2\/posts\/1025\/revisions"}],"predecessor-version":[{"id":1026,"href":"https:\/\/www.bayernfanclub-saalachtal.de\/index.php?rest_route=\/wp\/v2\/posts\/1025\/revisions\/1026"}],"wp:attachment":[{"href":"https:\/\/www.bayernfanclub-saalachtal.de\/index.php?rest_route=%2Fwp%2Fv2%2Fmedia&parent=1025"}],"wp:term":[{"taxonomy":"category","embeddable":true,"href":"https:\/\/www.bayernfanclub-saalachtal.de\/index.php?rest_route=%2Fwp%2Fv2%2Fcategories&post=1025"},{"taxonomy":"post_tag","embeddable":true,"href":"https:\/\/www.bayernfanclub-saalachtal.de\/index.php?rest_route=%2Fwp%2Fv2%2Ftags&post=1025"}],"curies":[{"name":"wp","href":"https:\/\/api.w.org\/{rel}","templated":true}]}}